{"id":3535,"date":"2024-08-21T09:55:00","date_gmt":"2024-08-21T09:55:00","guid":{"rendered":"https:\/\/speculumartium.si\/wp21\/resonirajoca-odsotnost-copy\/"},"modified":"2024-09-10T15:48:50","modified_gmt":"2024-09-10T15:48:50","slug":"po-svetlecih-poteh-premoga-ii","status":"publish","type":"post","link":"https:\/\/speculumartium.si\/wp21\/po-svetlecih-poteh-premoga-ii\/","title":{"rendered":"Po svetle\u010dih poteh premoga II: Skok \u010dez ko\u017eo"},"content":{"rendered":"\n<div class=\"wp-block-cover\"><span aria-hidden=\"true\" class=\"wp-block-cover__background has-background-dim\" style=\"background-color:#262627\"><\/span><img loading=\"lazy\" decoding=\"async\" width=\"960\" height=\"540\" src=\"https:\/\/speculumartium.si\/wp21\/wp-content\/uploads\/2024\/07\/Sasa-Nemec-katalog-2024-03.webp\" class=\"wp-block-cover__image-background wp-post-image\" alt=\"Sa\u0161a Nemec - po svetle\u010dih poteh premoga\" data-object-fit=\"cover\" srcset=\"https:\/\/speculumartium.si\/wp21\/wp-content\/uploads\/2024\/07\/Sasa-Nemec-katalog-2024-03.webp 960w, https:\/\/speculumartium.si\/wp21\/wp-content\/uploads\/2024\/07\/Sasa-Nemec-katalog-2024-03-640x360.webp 640w, https:\/\/speculumartium.si\/wp21\/wp-content\/uploads\/2024\/07\/Sasa-Nemec-katalog-2024-03-300x169.webp 300w, https:\/\/speculumartium.si\/wp21\/wp-content\/uploads\/2024\/07\/Sasa-Nemec-katalog-2024-03-768x432.webp 768w\" sizes=\"auto, (max-width: 960px) 100vw, 960px\" \/><div class=\"wp-block-cover__inner-container is-layout-flow wp-block-cover-is-layout-flow\"><h2 class=\"wp-block-post-title\">Po svetle\u010dih poteh premoga II: Skok \u010dez ko\u017eo<\/h2>\n\n\n<p class=\"has-x-large-font-size\">Sa\u0161a Nemec<\/p>\n<\/div><\/div>\n\n\n\n<div class=\"wp-block-group is-layout-flow wp-block-group-is-layout-flow\">\n<p>Po svetle\u010dih poteh premoga, II. del: Skok \u010dez ko\u017eo je nadaljevanje avtori\u010dinega raziskovanja trboveljske nesnovne kulturne dedi\u0161\u010dine. Digitalni video in digitalna grafika ve\u010d kot dvesto let staro knapovsko tradicijo skoka \u010dez ko\u017eo pribli\u017eata gledalcem in gledalkam, ki se lahko tudi sami preizkusijo v skoku.<\/p>\n\n\n\n<p>Digitalna video instalacija popelje ob\u010dinstvo na sprehod skozi kulturno dedi\u0161\u010dino Zasavja, zasavsko \u017eivljenje in umetnost, nakazuje poti in zgodbe, ki so ta prostor zaznamovale, ter osvetljuje svetlo digitalno prihodnost.<\/p>\n\n\n\n<p>Projekt pod delovnim naslovom Umetni\u0161ka digitalizacija<em> <\/em>povezuje intermedijske umetni\u0161ke prakse, digitalizacijo in (nesnovno) kulturno dedi\u0161\u010dino. Njegov cilj je ohranjanje kulturne, predvsem nesnovne, dedi\u0161\u010dine s pomo\u010djo \u017ee obstoje\u010dih (ali novih) muzejskih digitalnih arhivov ter njihova predstavitev na nov na\u010din in s pomo\u010djo novih tehnologij. Projekt izpostavlja problematiko ohranjanja slovenske kulturne dedi\u0161\u010dine v dobi digitalnih medijev in kot re\u0161itev ponuja digitiziranje (nesnovne) kulturne dedi\u0161\u010dine.<\/p>\n\n\n\n<p>Tokratna ina\u010dica projekta Po svetle\u010dih poteh premoga, II. del: Skok \u010dez ko\u017eo<em> <\/em>se ponovno posve\u010da tradiciji trboveljske rudarske kulture. Rudarji, rudarska kultura in vse, kar je ta prinesla za ob\u010dane Trbovelj ter za prebivalce zasavske pokrajine, bodo v projektu zasijali v novi lu\u010di.<\/p>\n\n\n\n<div style=\"height:40px\" aria-hidden=\"true\" class=\"wp-block-spacer\"><\/div>\n\n\n\n<p>Projekt sta vodila Bogdan \u0160teh (Zavod za kulturo Delavski dom Trbovlje) in Sa\u0161a Nemec (samozaposlena v kulturi).<\/p>\n\n\n\n<p>Posebne zahvale: Bogdan \u0160teh, Jo\u017eefa Kukovi\u010d (Turisti\u010dno dru\u0161tvo Trbovlje) in Jo\u017ee Potokar (samostojni umetnik).<\/p>\n\n\n\n<div style=\"height:27px\" aria-hidden=\"true\" class=\"wp-block-spacer\"><\/div>\n<\/div>\n\n\n\n<div style=\"height:10px\" aria-hidden=\"true\" class=\"wp-block-spacer\"><\/div>\n\n\n\n<hr class=\"wp-block-separator has-alpha-channel-opacity\"\/>\n\n\n","protected":false},"excerpt":{"rendered":"<p>Po svetle\u010dih poteh premoga, II. del: Skok \u010dez ko\u017eo je nadaljevanje avtori\u010dinega raziskovanja trboveljske nesnovne kulturne dedi\u0161\u010dine. Digitalni video in digitalna grafika ve\u010d kot dvesto let staro knapovsko tradicijo skoka \u010dez ko\u017eo pribli\u017eata gledalcem in gledalkam, ki se lahko tudi sami preizkusijo v skoku. Digitalna video instalacija popelje ob\u010dinstvo na sprehod skozi kulturno dedi\u0161\u010dino Zasavja, [&hellip;]<\/p>\n","protected":false},"author":1,"featured_media":3563,"comment_status":"closed","ping_status":"closed","sticky":false,"template":"","format":"standard","meta":{"_coblocks_attr":"","_coblocks_dimensions":"","_coblocks_responsive_height":"","_coblocks_accordion_ie_support":"","avtor_projekta":"Sa\u0161a Nemec","_themeisle_gutenberg_block_has_review":false,"avtorji_projekta":"","ura_in_datum":"","naslednji_field":"","footnotes":""},"categories":[56,58],"tags":[],"class_list":["post-3535","post","type-post","status-publish","format-standard","has-post-thumbnail","hentry","category-96-sa24","category-96-sa24-projekti"],"_links":{"self":[{"href":"https:\/\/speculumartium.si\/wp21\/wp-json\/wp\/v2\/posts\/3535","targetHints":{"allow":["GET"]}}],"collection":[{"href":"https:\/\/speculumartium.si\/wp21\/wp-json\/wp\/v2\/posts"}],"about":[{"href":"https:\/\/speculumartium.si\/wp21\/wp-json\/wp\/v2\/types\/post"}],"author":[{"embeddable":true,"href":"https:\/\/speculumartium.si\/wp21\/wp-json\/wp\/v2\/users\/1"}],"replies":[{"embeddable":true,"href":"https:\/\/speculumartium.si\/wp21\/wp-json\/wp\/v2\/comments?post=3535"}],"version-history":[{"count":12,"href":"https:\/\/speculumartium.si\/wp21\/wp-json\/wp\/v2\/posts\/3535\/revisions"}],"predecessor-version":[{"id":3860,"href":"https:\/\/speculumartium.si\/wp21\/wp-json\/wp\/v2\/posts\/3535\/revisions\/3860"}],"wp:featuredmedia":[{"embeddable":true,"href":"https:\/\/speculumartium.si\/wp21\/wp-json\/wp\/v2\/media\/3563"}],"wp:attachment":[{"href":"https:\/\/speculumartium.si\/wp21\/wp-json\/wp\/v2\/media?parent=3535"}],"wp:term":[{"taxonomy":"category","embeddable":true,"href":"https:\/\/speculumartium.si\/wp21\/wp-json\/wp\/v2\/categories?post=3535"},{"taxonomy":"post_tag","embeddable":true,"href":"https:\/\/speculumartium.si\/wp21\/wp-json\/wp\/v2\/tags?post=3535"}],"curies":[{"name":"wp","href":"https:\/\/api.w.org\/{rel}","templated":true}]}}