{"id":3638,"date":"2024-08-18T07:03:00","date_gmt":"2024-08-18T07:03:00","guid":{"rendered":"https:\/\/speculumartium.si\/wp21\/?p=3638"},"modified":"2024-09-10T15:58:23","modified_gmt":"2024-09-10T15:58:23","slug":"aesthetic","status":"publish","type":"post","link":"https:\/\/speculumartium.si\/wp21\/aesthetic\/","title":{"rendered":"AesthEtic"},"content":{"rendered":"\n<div class=\"wp-block-cover\"><span aria-hidden=\"true\" class=\"wp-block-cover__background has-background-dim\" style=\"background-color:#262627\"><\/span><img loading=\"lazy\" decoding=\"async\" width=\"960\" height=\"624\" src=\"https:\/\/speculumartium.si\/wp21\/wp-content\/uploads\/2024\/07\/Paula-Rakic4_960.webp\" class=\"wp-block-cover__image-background wp-post-image\" alt=\"Aestetics\" data-object-fit=\"cover\" srcset=\"https:\/\/speculumartium.si\/wp21\/wp-content\/uploads\/2024\/07\/Paula-Rakic4_960.webp 960w, https:\/\/speculumartium.si\/wp21\/wp-content\/uploads\/2024\/07\/Paula-Rakic4_960-300x195.webp 300w, https:\/\/speculumartium.si\/wp21\/wp-content\/uploads\/2024\/07\/Paula-Rakic4_960-768x499.webp 768w\" sizes=\"auto, (max-width: 960px) 100vw, 960px\" \/><div class=\"wp-block-cover__inner-container is-layout-flow wp-block-cover-is-layout-flow\"><h2 class=\"wp-block-post-title\">AesthEtic<\/h2>\n\n\n<p class=\"has-x-large-font-size\">Aleksandar Vejnovi\u0107, Ami Podrebarac, Marko Mrvo\u0161, Paula Raki\u0107<\/p>\n<\/div><\/div>\n\n\n\n<p><strong>Post-digitalna umetnost<\/strong> obravnava razvijajo\u010do se dinamiko med digitalnimi tehnologijami in umetni\u0161kimi izrazi, pri \u010demer daje prednost \u010dlove\u0161kim vidikom pred digitalnimi. V okviru sodobne estetike, ki poudarja \u010dlovekovo aktivno prizadevanje za estetske izku\u0161nje, se vse bolj izpostavlja globoka povezava med umetni\u0161ko produkcijo in prevladujo\u010dimi socialnimi, ekonomskimi in politi\u010dnimi izzivi, vklju\u010dno z vpra\u0161anji, kot so ekologija, zdravstvene krize in konflikti, saj umetniki s pomo\u010djo ustvarjalnosti posku\u0161ajo pove\u010dati javno ozave\u0161\u010denost in najti re\u0161itve. V obdobju, v katerem prevladujejo vseprisotne la\u017ene novice, pomanjkanje objektivnih kriterijev in poplava spletnih vsebin, ki jih ni mogo\u010de preveriti in so estetsko privla\u010dne, vendar imajo vpra\u0161ljivo epistemolo\u0161ko vrednost, je nujno potrebno preu\u010diti povezavo med umetnostjo, estetiko, etiko in politiko.<\/p>\n\n\n\n<div style=\"height:30px\" aria-hidden=\"true\" class=\"wp-block-spacer\"><\/div>\n\n\n\n<p>V svojem plesnem videu <strong>Confinement Capsule<\/strong> Paula Raki\u0107 opisuje subjektivno izku\u0161njo simulacije, kloniranja, tehnologije in umetne inteligence. Kapsula, kot podro\u010dje umetne inteligence in simulacija, je predstavljena kot edina resni\u010dnost, ki jo imamo. V videu umetnica\/plesalka skozi izrazne gibe izra\u017ea ob\u010dutek nemira, osamljenosti, ujetosti in absurda.<\/p>\n\n\n\n<p>Marko Mrvo\u0161 v svojem intermedijskem delu <strong>Awareness of Reality<\/strong> raziskuje razmerje med opti\u010dno iluzijo in prostorom. Delo se vedno prilagodi lokaciji, da se zagotovi realizacija opti\u010dne iluzije. Poleg drugih predmetov, ki jih je ustvaril umetnik sam, delo vklju\u010duje tudi vsebino iz dru\u017ebenega omre\u017eja X, ki je sestavljena iz komentarjev uporabnikov in je predstavljena kot mre\u017ea \u2013 ker so vsi &#8220;povezani&#8221;.<\/p>\n\n\n\n<div style=\"height:30px\" aria-hidden=\"true\" class=\"wp-block-spacer\"><\/div>\n\n\n\n<p>Poleg \u0161tudentskih del razstava vklju\u010duje tudi dela umetnikov z bogatimi izku\u0161njami na podro\u010dju umetne inteligence in zvo\u010dne umetnosti.<\/p>\n\n\n\n<p>V svoji avdiovizualni instalaciji <strong>Neighbourhood Stories<\/strong> Aleksandar Vejnovi\u0107 raziskuje obdobje po vojnah v Jugoslaviji. Zvok instalacije temelji na besedi &#8220;vojna&#8221;, ki do\u017eivlja permutacije in se manifestira kot razli\u010dni zvoki. Zvo\u010dne in vizualne komponente instalacije obstajajo neodvisno; odprte so za interpretacijo obiskovalcev ali poslu\u0161alcev, ki lahko prosto vstopajo in izstopajo iz instalacije.<\/p>\n\n\n\n<p>V video zanki in dveh digitalnih tiskih z naslovom <strong>Unbuilt<\/strong> Anamarija Podrebarac raziskuje odnose med arhitekturo in strukturo enoceli\u010dnih organizmov dinoflagelatov, ki naseljujejo oceane. Sposobnost dinoflagelatov, da izkori\u0161\u010dajo svetlobo, kot svetilnik bioluminiscence in kot kompas za fotosintezo, je navdihnila umetnico, da je v svoje oblikovalske ideje vklju\u010dila inovativne svetlobne re\u0161itve, ki so energetsko u\u010dinkovite in estetsko presunljive.<\/p>\n\n\n\n<p>Predstavljena umetni\u0161ka dela raziskujejo vezi med umetno inteligenco in sodobnim umetni\u0161kim izrazom ter preu\u010dujejo razmerje med \u010dlove\u0161ko ustvarjalnostjo in digitalnimi tehnologijami.<\/p>\n","protected":false},"excerpt":{"rendered":"<p>Post-digitalna umetnost obravnava razvijajo\u010do se dinamiko med digitalnimi tehnologijami in umetni\u0161kimi izrazi, pri \u010demer daje prednost \u010dlove\u0161kim vidikom pred digitalnimi. V okviru sodobne estetike, ki poudarja \u010dlovekovo aktivno prizadevanje za estetske izku\u0161nje, se vse bolj izpostavlja globoka povezava med umetni\u0161ko produkcijo in prevladujo\u010dimi socialnimi, ekonomskimi in politi\u010dnimi izzivi, vklju\u010dno z vpra\u0161anji, kot so ekologija, zdravstvene [&hellip;]<\/p>\n","protected":false},"author":1,"featured_media":3646,"comment_status":"closed","ping_status":"closed","sticky":false,"template":"","format":"standard","meta":{"_coblocks_attr":"","_coblocks_dimensions":"","_coblocks_responsive_height":"","_coblocks_accordion_ie_support":"","avtor_projekta":"Aleksandar Vejnovi\u0107, Ami Podrebarac, Marko Mrvo\u0161, Paula Raki\u0107","_themeisle_gutenberg_block_has_review":false,"avtorji_projekta":"","ura_in_datum":"","naslednji_field":"","footnotes":""},"categories":[56,58],"tags":[],"class_list":["post-3638","post","type-post","status-publish","format-standard","has-post-thumbnail","hentry","category-96-sa24","category-96-sa24-projekti"],"_links":{"self":[{"href":"https:\/\/speculumartium.si\/wp21\/wp-json\/wp\/v2\/posts\/3638","targetHints":{"allow":["GET"]}}],"collection":[{"href":"https:\/\/speculumartium.si\/wp21\/wp-json\/wp\/v2\/posts"}],"about":[{"href":"https:\/\/speculumartium.si\/wp21\/wp-json\/wp\/v2\/types\/post"}],"author":[{"embeddable":true,"href":"https:\/\/speculumartium.si\/wp21\/wp-json\/wp\/v2\/users\/1"}],"replies":[{"embeddable":true,"href":"https:\/\/speculumartium.si\/wp21\/wp-json\/wp\/v2\/comments?post=3638"}],"version-history":[{"count":6,"href":"https:\/\/speculumartium.si\/wp21\/wp-json\/wp\/v2\/posts\/3638\/revisions"}],"predecessor-version":[{"id":3857,"href":"https:\/\/speculumartium.si\/wp21\/wp-json\/wp\/v2\/posts\/3638\/revisions\/3857"}],"wp:featuredmedia":[{"embeddable":true,"href":"https:\/\/speculumartium.si\/wp21\/wp-json\/wp\/v2\/media\/3646"}],"wp:attachment":[{"href":"https:\/\/speculumartium.si\/wp21\/wp-json\/wp\/v2\/media?parent=3638"}],"wp:term":[{"taxonomy":"category","embeddable":true,"href":"https:\/\/speculumartium.si\/wp21\/wp-json\/wp\/v2\/categories?post=3638"},{"taxonomy":"post_tag","embeddable":true,"href":"https:\/\/speculumartium.si\/wp21\/wp-json\/wp\/v2\/tags?post=3638"}],"curies":[{"name":"wp","href":"https:\/\/api.w.org\/{rel}","templated":true}]}}