{"id":4740,"date":"2025-09-10T08:12:00","date_gmt":"2025-09-10T06:12:00","guid":{"rendered":"https:\/\/speculumartium.si\/wp21\/?p=4740"},"modified":"2025-09-11T12:06:18","modified_gmt":"2025-09-11T10:06:18","slug":"izzivi-odklopa-v-casu-nenehne-priklopljenosti","status":"publish","type":"post","link":"https:\/\/speculumartium.si\/wp21\/izzivi-odklopa-v-casu-nenehne-priklopljenosti\/","title":{"rendered":"Izzivi odklopa v \u010dasu nenehne priklopljenosti"},"content":{"rendered":"\n<div class=\"wp-block-cover\"><span aria-hidden=\"true\" class=\"wp-block-cover__background has-ddt-green-1-background-color has-background-dim-100 has-background-dim\"><\/span><div class=\"wp-block-cover__inner-container has-global-padding is-layout-constrained wp-block-cover-is-layout-constrained\"><h2 class=\"wp-block-post-title\">Izzivi odklopa v \u010dasu nenehne priklopljenosti<\/h2>\n\n\n<p class=\"has-base-color has-text-color has-link-color has-large-font-size wp-elements-0d3c58d2b9c39f3a6577d649621667c4\">dr. Dan Podjed<\/p>\n<\/div><\/div>\n\n\n\n<p class=\"has-large-font-size\">sreda, 17. september, ob 17.00<\/p>\n\n\n\n<div style=\"height:20px\" aria-hidden=\"true\" class=\"wp-block-spacer\"><\/div>\n\n\n\n<p><em>Pogovor<\/em><\/p>\n\n\n\n<p>Antropolog dr. Dan Podjed je vi\u0161ji znanstveni sodelavec In\u0161tituta za slovensko narodopisje ZRC SAZU, izredni profesor na Filozofski fakulteti Univerze v Ljubljani ter podro\u010dni strokovnjak na Inovacijsko-razvojnem in\u0161titutu Univerze v Ljubljani. Je ustanovitelj in izvr\u0161ni svetovalec Mre\u017ee za aplikativno antropologijo EASA ter pobudnik mednarodnega simpozija Why the World Needs Anthropologists, ki ga prirejajo od leta 2013. Osrednja podro\u010dja njegovega raziskovalnega zanimanja so izolacija, krize, razmerja med ljudmi in tehnologijami, trajnostni na\u010dini \u017eivljenja ter spoznavanje vsakdanjika. <\/p>\n\n\n\n<p>Njegov zadnji knji\u017eni dvojec (roman in znanstvena razprava) s skupnim naslovom Krizolacija, v katerem opi\u0161e izoliranega \u010dloveka, ki med neskon\u010dno krizo pre\u017eivlja \u010das pred zasloni in med \u0161tirimi stenami, je odmeven tako v akademski skupnosti kot v \u0161ir\u0161i javnosti. Javna agencija za raziskovalno in inovacijsko dejavnost Republike Slovenije je njegova dela dvakrat razglasila za izjemne dose\u017eke na podro\u010dju znanosti \u2013 in sicer leta 2011 in 2021. Odmevna je bila tudi Podjedova izjava, da sre\u010de ne najde\u0161 v sebi, temve\u010d ob sebi, ki jo je \u010dasnik Ve\u010der razglasil za Bob leta 2022. Prejel je tudi \u010dastni naziv Komunikator znanosti leta 2024, ki ga podeljuje Slovenska znanstvena fundacija.<\/p>\n\n\n  <article class=\"gcal-event-card\" style=\"border:1px solid #ddd;padding:1rem;border-radius:12px;max-width:740px\">\n    <h3 style=\"margin:0 0 .25rem;\">\n      <a href=\"https:\/\/www.google.com\/calendar\/event?eid=MDFxdXVkcjAwZDV0N2RtMWplMTJscWZtcHQgbG9qM3EzNmNpdGNjcWljMjB0ZHNsdXNtdTRAZw\" target=\"_blank\" rel=\"noopener\">dr. Dan Podjed: Lecture (in Slovene)<\/a>\n    <\/h3>\n\n          <p style=\"margin:.25rem 0 .75rem;\"><strong>sre, 17 Sep 2025, 17:00\u201318:00 Europe\/Ljubljana<\/strong><\/p>\n    \n          <p style=\"margin:.25rem 0 .75rem;\">Location: kavarna DDT<\/p>\n    \n          <div class=\"gcal-event-desc\" style=\"margin-top:.5rem\"><p><a href=\"https:\/\/speculumartium.si\/wp21\/izzivi-odklopa-v-casu-nenehne-priklopljenosti\" target=\"_blank\">dr. Dan Podjed: Izzivi odklopa v \u010dasu nenehne priklopljenosti \u2013 pogovor<\/a><\/p>\n<\/div>\n    \n    <div style=\"margin-top:.75rem;display:flex;gap:.5rem;flex-wrap:wrap\">\n      <a href=\"https:\/\/www.google.com\/calendar\/event?eid=MDFxdXVkcjAwZDV0N2RtMWplMTJscWZtcHQgbG9qM3EzNmNpdGNjcWljMjB0ZHNsdXNtdTRAZw\" target=\"_blank\" rel=\"noopener\"\n         style=\"padding:.5rem .75rem;border:1px solid #ccc;border-radius:8px;text-decoration:none\">\n        View on Google Calendar\n      <\/a>\n    <\/div>\n  <\/article>\n  \n","protected":false},"excerpt":{"rendered":"<p>Pogovor Antropolog dr. Dan Podjed je vi\u0161ji znanstveni sodelavec In\u0161tituta za slovensko narodopisje ZRC SAZU, izredni profesor na Filozofski fakulteti Univerze v Ljubljani ter podro\u010dni strokovnjak na Inovacijsko-razvojnem in\u0161titutu Univerze v Ljubljani. Je ustanovitelj in izvr\u0161ni svetovalec Mre\u017ee za aplikativno antropologijo EASA ter pobudnik mednarodnega simpozija Why the World Needs Anthropologists, ki ga prirejajo od [&hellip;]<\/p>\n","protected":false},"author":1,"featured_media":0,"comment_status":"closed","ping_status":"closed","sticky":false,"template":"","format":"standard","meta":{"_coblocks_attr":"","_coblocks_dimensions":"","_coblocks_responsive_height":"","_coblocks_accordion_ie_support":"","avtor_projekta":"","_themeisle_gutenberg_block_has_review":false,"avtorji_projekta":"dr. Dan Podjed","ura_in_datum":"sreda, 17. september, ob 17.00","naslednji_field":"","footnotes":""},"categories":[73],"tags":[],"class_list":["post-4740","post","type-post","status-publish","format-standard","hentry","category-95-sa25-spremljevalni"],"_links":{"self":[{"href":"https:\/\/speculumartium.si\/wp21\/wp-json\/wp\/v2\/posts\/4740","targetHints":{"allow":["GET"]}}],"collection":[{"href":"https:\/\/speculumartium.si\/wp21\/wp-json\/wp\/v2\/posts"}],"about":[{"href":"https:\/\/speculumartium.si\/wp21\/wp-json\/wp\/v2\/types\/post"}],"author":[{"embeddable":true,"href":"https:\/\/speculumartium.si\/wp21\/wp-json\/wp\/v2\/users\/1"}],"replies":[{"embeddable":true,"href":"https:\/\/speculumartium.si\/wp21\/wp-json\/wp\/v2\/comments?post=4740"}],"version-history":[{"count":15,"href":"https:\/\/speculumartium.si\/wp21\/wp-json\/wp\/v2\/posts\/4740\/revisions"}],"predecessor-version":[{"id":4934,"href":"https:\/\/speculumartium.si\/wp21\/wp-json\/wp\/v2\/posts\/4740\/revisions\/4934"}],"wp:attachment":[{"href":"https:\/\/speculumartium.si\/wp21\/wp-json\/wp\/v2\/media?parent=4740"}],"wp:term":[{"taxonomy":"category","embeddable":true,"href":"https:\/\/speculumartium.si\/wp21\/wp-json\/wp\/v2\/categories?post=4740"},{"taxonomy":"post_tag","embeddable":true,"href":"https:\/\/speculumartium.si\/wp21\/wp-json\/wp\/v2\/tags?post=4740"}],"curies":[{"name":"wp","href":"https:\/\/api.w.org\/{rel}","templated":true}]}}