{"id":4807,"date":"2025-09-04T10:45:00","date_gmt":"2025-09-04T08:45:00","guid":{"rendered":"https:\/\/speculumartium.si\/wp21\/?p=4807"},"modified":"2025-09-11T12:43:26","modified_gmt":"2025-09-11T10:43:26","slug":"ufo-art-night","status":"publish","type":"post","link":"https:\/\/speculumartium.si\/wp21\/ufo-art-night\/","title":{"rendered":"UFO art night"},"content":{"rendered":"\n<div class=\"wp-block-cover\"><span aria-hidden=\"true\" class=\"wp-block-cover__background has-ddt-green-1-background-color has-background-dim-100 has-background-dim\"><\/span><div class=\"wp-block-cover__inner-container has-global-padding is-layout-constrained wp-block-cover-is-layout-constrained\"><h2 class=\"wp-block-post-title\">UFO art night<\/h2>\n\n\n<p class=\"has-base-color has-text-color has-link-color has-large-font-size wp-elements-0d3c58d2b9c39f3a6577d649621667c4\">UFO.art razli\u010dni avtorji<\/p>\n<\/div><\/div>\n\n\n\n<p class=\"has-large-font-size\">\u010detrtek, 18. september, ob 18.00<\/p>\n\n\n\n<p>Projekt UFO Art Night je prvi tovrstni dogodek v Sloveniji \u2013 interdisciplinarni umetni\u0161ki ve\u010der, ki zdru\u017euje vizualne projekcije (VJ-ing), glasbo v \u017eivo ter moderirano razpravo. Dogodek bo raziskoval teme vesolja, neznanih lete\u010dih predmetov (UFO) in skrivnostnega. Cilj je povezati umetnost, znanost in filozofijo ter obiskovalcem ponuditi edinstveno senzori\u010dno in intelektualno izku\u0161njo. Tematika UFO-fenomena je v dru\u017ebi pogosto stigmatizirana, saj se povezuje s teorijami zarote in \u0161pekulacijami, hkrati pa ponuja neskon\u010dne mo\u017enosti za umetni\u0161ko raziskovanje, saj spodbuja domi\u0161ljijo, filozofska vpra\u0161anja in ustvarjalne interpretacije nerazlo\u017eljivega. Prav zato jo \u017eelimo predstaviti skozi umetni\u0161ki koncept, ki odpira prostor za eksperimentiranje, razmislek in svobodno izra\u017eanje.<br>Sodelujo\u010di:<br>\u2022 Matej Gobec (govorec)<br>\u2022 Mark Savnik (govorec)<br>\u2022 Domen U\u010dakar (glasbenik)<br>\u2022 Vesna Vega (VJ-ka)<br>\u2022 Bojan Krhlanko (VJ + glasbenik)<\/p>\n\n\n  <article class=\"gcal-event-card\" style=\"border:1px solid #ddd;padding:1rem;border-radius:12px;max-width:740px\">\n    <h3 style=\"margin:0 0 .25rem;\">\n      <a href=\"https:\/\/www.google.com\/calendar\/event?eid=NTZlMjBub25yaGRuNWRkbzR2Nmd2cWh1NjQgbG9qM3EzNmNpdGNjcWljMjB0ZHNsdXNtdTRAZw\" target=\"_blank\" rel=\"noopener\">UFO Art Night - multimedia conversation (EN)<\/a>\n    <\/h3>\n\n          <p style=\"margin:.25rem 0 .75rem;\"><strong>\u010det, 18 Sep 2025, 18:00\u201319:00 Europe\/Ljubljana<\/strong><\/p>\n    \n          <p style=\"margin:.25rem 0 .75rem;\">Location: kinodvorana DDT<\/p>\n    \n          <div class=\"gcal-event-desc\" style=\"margin-top:.5rem\"><p><a href=\"https:\/\/speculumartium.si\/wp21\/ufo-art-night\" target=\"_blank\">UFO Art Night - multimedijski pogovor (v angle\u0161\u010dini)<\/a><\/p>\n<\/div>\n    \n    <div style=\"margin-top:.75rem;display:flex;gap:.5rem;flex-wrap:wrap\">\n      <a href=\"https:\/\/www.google.com\/calendar\/event?eid=NTZlMjBub25yaGRuNWRkbzR2Nmd2cWh1NjQgbG9qM3EzNmNpdGNjcWljMjB0ZHNsdXNtdTRAZw\" target=\"_blank\" rel=\"noopener\"\n         style=\"padding:.5rem .75rem;border:1px solid #ccc;border-radius:8px;text-decoration:none\">\n        View on Google Calendar\n      <\/a>\n    <\/div>\n  <\/article>\n  \n","protected":false},"excerpt":{"rendered":"<p>Projekt UFO Art Night je prvi tovrstni dogodek v Sloveniji \u2013 interdisciplinarni umetni\u0161ki ve\u010der, ki zdru\u017euje vizualne projekcije (VJ-ing), glasbo v \u017eivo ter moderirano razpravo. Dogodek bo raziskoval teme vesolja, neznanih lete\u010dih predmetov (UFO) in skrivnostnega. Cilj je povezati umetnost, znanost in filozofijo ter obiskovalcem ponuditi edinstveno senzori\u010dno in intelektualno izku\u0161njo. Tematika UFO-fenomena je v [&hellip;]<\/p>\n","protected":false},"author":1,"featured_media":0,"comment_status":"closed","ping_status":"closed","sticky":false,"template":"","format":"standard","meta":{"_coblocks_attr":"","_coblocks_dimensions":"","_coblocks_responsive_height":"","_coblocks_accordion_ie_support":"","avtor_projekta":"","_themeisle_gutenberg_block_has_review":false,"avtorji_projekta":"UFO.art razli\u010dni avtorji","ura_in_datum":"\u010detrtek, 18. september, ob 18.00","naslednji_field":"","footnotes":""},"categories":[73],"tags":[],"class_list":["post-4807","post","type-post","status-publish","format-standard","hentry","category-95-sa25-spremljevalni"],"_links":{"self":[{"href":"https:\/\/speculumartium.si\/wp21\/wp-json\/wp\/v2\/posts\/4807","targetHints":{"allow":["GET"]}}],"collection":[{"href":"https:\/\/speculumartium.si\/wp21\/wp-json\/wp\/v2\/posts"}],"about":[{"href":"https:\/\/speculumartium.si\/wp21\/wp-json\/wp\/v2\/types\/post"}],"author":[{"embeddable":true,"href":"https:\/\/speculumartium.si\/wp21\/wp-json\/wp\/v2\/users\/1"}],"replies":[{"embeddable":true,"href":"https:\/\/speculumartium.si\/wp21\/wp-json\/wp\/v2\/comments?post=4807"}],"version-history":[{"count":3,"href":"https:\/\/speculumartium.si\/wp21\/wp-json\/wp\/v2\/posts\/4807\/revisions"}],"predecessor-version":[{"id":4929,"href":"https:\/\/speculumartium.si\/wp21\/wp-json\/wp\/v2\/posts\/4807\/revisions\/4929"}],"wp:attachment":[{"href":"https:\/\/speculumartium.si\/wp21\/wp-json\/wp\/v2\/media?parent=4807"}],"wp:term":[{"taxonomy":"category","embeddable":true,"href":"https:\/\/speculumartium.si\/wp21\/wp-json\/wp\/v2\/categories?post=4807"},{"taxonomy":"post_tag","embeddable":true,"href":"https:\/\/speculumartium.si\/wp21\/wp-json\/wp\/v2\/tags?post=4807"}],"curies":[{"name":"wp","href":"https:\/\/api.w.org\/{rel}","templated":true}]}}