{"id":4829,"date":"2025-09-06T11:11:00","date_gmt":"2025-09-06T09:11:00","guid":{"rendered":"https:\/\/speculumartium.si\/wp21\/?p=4829"},"modified":"2025-09-11T12:42:40","modified_gmt":"2025-09-11T10:42:40","slug":"biblioterapija-v-teoriji-in-praksi","status":"publish","type":"post","link":"https:\/\/speculumartium.si\/wp21\/biblioterapija-v-teoriji-in-praksi\/","title":{"rendered":"Biblioterapija v teoriji in praksi"},"content":{"rendered":"\n<div class=\"wp-block-cover\"><span aria-hidden=\"true\" class=\"wp-block-cover__background has-ddt-green-1-background-color has-background-dim-100 has-background-dim\"><\/span><div class=\"wp-block-cover__inner-container has-global-padding is-layout-constrained wp-block-cover-is-layout-constrained\"><h2 class=\"wp-block-post-title\">Biblioterapija v teoriji in praksi<\/h2>\n\n\n<p class=\"has-base-color has-text-color has-link-color has-large-font-size wp-elements-0d3c58d2b9c39f3a6577d649621667c4\">Manca Marin\u010di\u010d<\/p>\n<\/div><\/div>\n\n\n\n<p class=\"has-large-font-size\">\u010detrtek, 18. september, ob 16.00<\/p>\n\n\n\n<p>Predavanje<\/p>\n\n\n\n<p>Predavanje o uporabi literature kot podpornega orodja pri skrbi za du\u0161evno zdravje in osebni rasti.<br>Kaj je biblioterapija, kako deluje in kje jo lahko uporabljamo? Vabimo vas, da se nam pridru\u017eite na predavanju o mo\u010di literature in njenih terapevtskih razse\u017enostih. Predavanje je namenjeno vsem, ki jih zanima, kako na nas vpliva branje, pa tudi, kako lahko s pomo\u010djo branja ter pogovora o prebranih besedilih spoznavamo sebe, svoje \u010dustvovanje in delovanje ter svet okoli nas.<br>Predavala bo Manca Marin\u010di\u010d. Manca je magistrica primerjalne knji\u017eevnosti in \u0161tudentka interdisciplinarnega doktorskega \u0161tudijskega programa Humanistika in dru\u017eboslovje na podro\u010dju literarnih ved na Filozofski fakulteti v Ljubljani. Raziskuje vpliv branja na bralca in biblioterapijo ter izvaja delavnice literarne biblioterapije.<\/p>\n\n\n  <article class=\"gcal-event-card\" style=\"border:1px solid #ddd;padding:1rem;border-radius:12px;max-width:740px\">\n    <h3 style=\"margin:0 0 .25rem;\">\n      <a href=\"https:\/\/www.google.com\/calendar\/event?eid=NDA0Mmp2Ymc0OWgwdGE3YnVidTZ1cmI1ZXMgbG9qM3EzNmNpdGNjcWljMjB0ZHNsdXNtdTRAZw\" target=\"_blank\" rel=\"noopener\">Bibliotherapy in theory and practice - lecture (SL)<\/a>\n    <\/h3>\n\n          <p style=\"margin:.25rem 0 .75rem;\"><strong>\u010det, 18 Sep 2025, 16:00\u201316:30 Europe\/Ljubljana<\/strong><\/p>\n    \n          <p style=\"margin:.25rem 0 .75rem;\">Location: Knji\u017enica toneta Seli\u0161karja Trbovlje, 1420 Trbovlje, Slovenia<\/p>\n    \n          <div class=\"gcal-event-desc\" style=\"margin-top:.5rem\"><p><a href=\"https:\/\/speculumartium.si\/wp21\/biblioterapija-v-teoriji-in-praksi\" target=\"_blank\">Biblioterapija v teoriji in praksi \u2013 predavanje<\/a><\/p>\n<\/div>\n    \n    <div style=\"margin-top:.75rem;display:flex;gap:.5rem;flex-wrap:wrap\">\n      <a href=\"https:\/\/www.google.com\/calendar\/event?eid=NDA0Mmp2Ymc0OWgwdGE3YnVidTZ1cmI1ZXMgbG9qM3EzNmNpdGNjcWljMjB0ZHNsdXNtdTRAZw\" target=\"_blank\" rel=\"noopener\"\n         style=\"padding:.5rem .75rem;border:1px solid #ccc;border-radius:8px;text-decoration:none\">\n        View on Google Calendar\n      <\/a>\n    <\/div>\n  <\/article>\n  \n","protected":false},"excerpt":{"rendered":"<p>Predavanje Predavanje o uporabi literature kot podpornega orodja pri skrbi za du\u0161evno zdravje in osebni rasti.Kaj je biblioterapija, kako deluje in kje jo lahko uporabljamo? Vabimo vas, da se nam pridru\u017eite na predavanju o mo\u010di literature in njenih terapevtskih razse\u017enostih. Predavanje je namenjeno vsem, ki jih zanima, kako na nas vpliva branje, pa tudi, kako [&hellip;]<\/p>\n","protected":false},"author":1,"featured_media":0,"comment_status":"closed","ping_status":"closed","sticky":false,"template":"","format":"standard","meta":{"_coblocks_attr":"","_coblocks_dimensions":"","_coblocks_responsive_height":"","_coblocks_accordion_ie_support":"","avtor_projekta":"","_themeisle_gutenberg_block_has_review":false,"avtorji_projekta":"Manca Marin\u010di\u010d","ura_in_datum":"\u010detrtek, 18. september, ob 16.00","naslednji_field":"","footnotes":""},"categories":[73],"tags":[],"class_list":["post-4829","post","type-post","status-publish","format-standard","hentry","category-95-sa25-spremljevalni"],"_links":{"self":[{"href":"https:\/\/speculumartium.si\/wp21\/wp-json\/wp\/v2\/posts\/4829","targetHints":{"allow":["GET"]}}],"collection":[{"href":"https:\/\/speculumartium.si\/wp21\/wp-json\/wp\/v2\/posts"}],"about":[{"href":"https:\/\/speculumartium.si\/wp21\/wp-json\/wp\/v2\/types\/post"}],"author":[{"embeddable":true,"href":"https:\/\/speculumartium.si\/wp21\/wp-json\/wp\/v2\/users\/1"}],"replies":[{"embeddable":true,"href":"https:\/\/speculumartium.si\/wp21\/wp-json\/wp\/v2\/comments?post=4829"}],"version-history":[{"count":5,"href":"https:\/\/speculumartium.si\/wp21\/wp-json\/wp\/v2\/posts\/4829\/revisions"}],"predecessor-version":[{"id":4927,"href":"https:\/\/speculumartium.si\/wp21\/wp-json\/wp\/v2\/posts\/4829\/revisions\/4927"}],"wp:attachment":[{"href":"https:\/\/speculumartium.si\/wp21\/wp-json\/wp\/v2\/media?parent=4829"}],"wp:term":[{"taxonomy":"category","embeddable":true,"href":"https:\/\/speculumartium.si\/wp21\/wp-json\/wp\/v2\/categories?post=4829"},{"taxonomy":"post_tag","embeddable":true,"href":"https:\/\/speculumartium.si\/wp21\/wp-json\/wp\/v2\/tags?post=4829"}],"curies":[{"name":"wp","href":"https:\/\/api.w.org\/{rel}","templated":true}]}}