{"id":4884,"date":"2025-09-07T12:33:14","date_gmt":"2025-09-07T10:33:14","guid":{"rendered":"https:\/\/speculumartium.si\/wp21\/?p=4884"},"modified":"2025-09-11T12:19:54","modified_gmt":"2025-09-11T10:19:54","slug":"trbovljski-dimnik-nove-vizije","status":"publish","type":"post","link":"https:\/\/speculumartium.si\/wp21\/trbovljski-dimnik-nove-vizije\/","title":{"rendered":"Trbovljski dimnik \u2013 nove vizije"},"content":{"rendered":"\n<div class=\"wp-block-cover\"><span aria-hidden=\"true\" class=\"wp-block-cover__background has-ddt-green-1-background-color has-background-dim-100 has-background-dim\"><\/span><div class=\"wp-block-cover__inner-container has-global-padding is-layout-constrained wp-block-cover-is-layout-constrained\"><h2 class=\"wp-block-post-title\">Trbovljski dimnik \u2013 nove vizije<\/h2>\n\n\n<p class=\"has-base-color has-text-color has-link-color has-large-font-size wp-elements-0d3c58d2b9c39f3a6577d649621667c4\">Delavski dom Trbovlje, The Collective Foundation ter Univerza za umetnost in oblikovanje Moholy-Nagy (MOME)<\/p>\n<\/div><\/div>\n\n\n\n<p class=\"has-large-font-size\">\u010detrtek, 18. september, ob 16.00<\/p>\n\n\n\n<p>Delavnica<\/p>\n\n\n\n<p>Edinstvena ustvarjalna delavnica, posve\u010dena raziskovanju in novi viziji ene najbolj ikoni\u010dnih znamenitosti mesta \u2014 termoelektrarne Trbovlje z najvi\u0161jim dimnikom v Evropi.<\/p>\n\n\n\n<p>Na delavnici bodo udele\u017eenci sodelovali v kreativnem procesu, ki povezuje lokalno dedi\u0161\u010dino z vizijami za prihodnost. Nastale ideje in pogledi bodo neposredno prispevali k strategiji oblikovanja prostora (placemaking) in slu\u017eili kot navdih za veliko sodobno plesno produkcijo, ki bo leta 2026 uprizorjena ob samem dimniku.<\/p>\n\n\n\n<p>Delavnica je del projekta Danube Dance Allince, ki podpira \u0161ir\u0161o vizijo promocije sodobnega plesa v Podonavju skozi medsektorsko sodelovanje in inovacije. Z vklju\u010devanjem lokalnih skupnosti v petih mestih \u2014 vklju\u010dno s Trbovljami \u2014 projekt zdru\u017euje sodobni ples z disciplinami, kot so gledali\u0161\u010de, urbano oblikovanje, arhitektura in nove tehnologije. Nastale modularne predstave bodo gostovale po regiji tako v \u017eivo kot v obliki poglobljenih VR-do\u017eivetij, ki bodo \u010drpali navdih iz globoko zakoreninjenih lokalnih zgodbah in prostorih.<\/p>\n\n\n\n<p>Delavnico organizirajo Delavski dom Trbovlje, The Collective Foundation in Univerza za umetnost ter oblikovanje Moholy-Nagy (MOME).<\/p>\n\n\n  <article class=\"gcal-event-card\" style=\"border:1px solid #ddd;padding:1rem;border-radius:12px;max-width:740px\">\n    <h3 style=\"margin:0 0 .25rem;\">\n      <a href=\"https:\/\/www.google.com\/calendar\/event?eid=M2tkMDRiZGpkOGU4MGJuMWdtaWI2dHR0aGEgbG9qM3EzNmNpdGNjcWljMjB0ZHNsdXNtdTRAZw\" target=\"_blank\" rel=\"noopener\">Reimagining Trbovlje\u2019s Power Station \u2013 Creative Workshop (EN)<\/a>\n    <\/h3>\n\n          <p style=\"margin:.25rem 0 .75rem;\"><strong>\u010det, 18 Sep 2025, 16:00\u201318:30 Europe\/Ljubljana<\/strong><\/p>\n    \n          <p style=\"margin:.25rem 0 .75rem;\">Location: klub Zavoda za mladino, \u0161port in turizem Trbovlje<\/p>\n    \n          <div class=\"gcal-event-desc\" style=\"margin-top:.5rem\"><p><a href=\"https:\/\/speculumartium.si\/wp21\/trbovljski-dimnik-nove-vizije\">Trbovljski dimnik: nove vizije \u2013 delavnica (v angle\u0161\u010dini)<\/a><\/p>\n<\/div>\n    \n    <div style=\"margin-top:.75rem;display:flex;gap:.5rem;flex-wrap:wrap\">\n      <a href=\"https:\/\/www.google.com\/calendar\/event?eid=M2tkMDRiZGpkOGU4MGJuMWdtaWI2dHR0aGEgbG9qM3EzNmNpdGNjcWljMjB0ZHNsdXNtdTRAZw\" target=\"_blank\" rel=\"noopener\"\n         style=\"padding:.5rem .75rem;border:1px solid #ccc;border-radius:8px;text-decoration:none\">\n        View on Google Calendar\n      <\/a>\n    <\/div>\n  <\/article>\n  \n","protected":false},"excerpt":{"rendered":"<p>Delavnica Edinstvena ustvarjalna delavnica, posve\u010dena raziskovanju in novi viziji ene najbolj ikoni\u010dnih znamenitosti mesta \u2014 termoelektrarne Trbovlje z najvi\u0161jim dimnikom v Evropi. Na delavnici bodo udele\u017eenci sodelovali v kreativnem procesu, ki povezuje lokalno dedi\u0161\u010dino z vizijami za prihodnost. Nastale ideje in pogledi bodo neposredno prispevali k strategiji oblikovanja prostora (placemaking) in slu\u017eili kot navdih za [&hellip;]<\/p>\n","protected":false},"author":2,"featured_media":0,"comment_status":"closed","ping_status":"closed","sticky":false,"template":"","format":"standard","meta":{"_coblocks_attr":"","_coblocks_dimensions":"","_coblocks_responsive_height":"","_coblocks_accordion_ie_support":"","avtor_projekta":"","_themeisle_gutenberg_block_has_review":false,"avtorji_projekta":"Delavski dom Trbovlje, The Collective Foundation ter Univerza za umetnost in oblikovanje Moholy-Nagy (MOME)","ura_in_datum":"\u010detrtek, 18. september, ob 16.00","naslednji_field":"","footnotes":""},"categories":[73],"tags":[],"class_list":["post-4884","post","type-post","status-publish","format-standard","hentry","category-95-sa25-spremljevalni"],"_links":{"self":[{"href":"https:\/\/speculumartium.si\/wp21\/wp-json\/wp\/v2\/posts\/4884","targetHints":{"allow":["GET"]}}],"collection":[{"href":"https:\/\/speculumartium.si\/wp21\/wp-json\/wp\/v2\/posts"}],"about":[{"href":"https:\/\/speculumartium.si\/wp21\/wp-json\/wp\/v2\/types\/post"}],"author":[{"embeddable":true,"href":"https:\/\/speculumartium.si\/wp21\/wp-json\/wp\/v2\/users\/2"}],"replies":[{"embeddable":true,"href":"https:\/\/speculumartium.si\/wp21\/wp-json\/wp\/v2\/comments?post=4884"}],"version-history":[{"count":5,"href":"https:\/\/speculumartium.si\/wp21\/wp-json\/wp\/v2\/posts\/4884\/revisions"}],"predecessor-version":[{"id":4926,"href":"https:\/\/speculumartium.si\/wp21\/wp-json\/wp\/v2\/posts\/4884\/revisions\/4926"}],"wp:attachment":[{"href":"https:\/\/speculumartium.si\/wp21\/wp-json\/wp\/v2\/media?parent=4884"}],"wp:term":[{"taxonomy":"category","embeddable":true,"href":"https:\/\/speculumartium.si\/wp21\/wp-json\/wp\/v2\/categories?post=4884"},{"taxonomy":"post_tag","embeddable":true,"href":"https:\/\/speculumartium.si\/wp21\/wp-json\/wp\/v2\/tags?post=4884"}],"curies":[{"name":"wp","href":"https:\/\/api.w.org\/{rel}","templated":true}]}}